{"id":241824,"date":"2023-04-19T17:27:26","date_gmt":"2023-04-19T15:27:26","guid":{"rendered":"https:\/\/gestoriabarcelo.com\/?p=241824"},"modified":"2023-04-19T17:29:49","modified_gmt":"2023-04-19T15:29:49","slug":"errores-comunes-en-la-declaracion-de-la-renta","status":"publish","type":"post","link":"https:\/\/gestoriabarcelo.com\/es\/errores-comunes-en-la-declaracion-de-la-renta\/","title":{"rendered":"Errores comunes en la declaraci\u00f3n de la renta"},"content":{"rendered":"<p>La temporada de declaraci\u00f3n de la renta ya ha empezado, y muchos contribuyentes optan por completar sus declaraciones de impuestos por cuenta propia en lugar de contratar a un profesional. A continuaci\u00f3n, os presentamos algunos de los errores m\u00e1s comunes que se deben evitar al presentar la declaraci\u00f3n de la renta:<\/p>\n<ol>\n<li>Proporcionar informaci\u00f3n incorrecta, como la direcci\u00f3n o datos bancarios, puede generar problemas en el proceso de la declaraci\u00f3n.<\/li>\n<li>Siempre hay que tener en cuenta los datos que no son proporcionados en el borrador de Hacienda.<\/li>\n<li>Olvidar incluir ingresos adicionales, como trabajos por cuenta propia, alquileres, inversiones o prestaci\u00f3n por desempleo, puede resultar en una declaraci\u00f3n incorrecta y posibles sanciones.<\/li>\n<li>Deducciones y gastos no justificados: Es importante entender qu\u00e9 gastos y deducciones son aplicables y c\u00f3mo justificarlos correctamente. No hacerlo puede llevar a que la Agencia Tributaria rechace las deducciones y aplique comprobaciones paralelas a la declaraci\u00f3n presentada.<\/li>\n<li>No tener en cuenta las retenciones: Olvidarse de incluir las retenciones aplicadas en pagos a cuenta a lo largo del a\u00f1o puede resultar en un c\u00e1lculo incorrecto del impuesto adeudado o a devolver.<\/li>\n<li>Presentar la declaraci\u00f3n fuera de plazo: No presentar la declaraci\u00f3n antes de la fecha l\u00edmite establecida puede acarrear sanciones por retraso.<\/li>\n<\/ol>\n<p>Para evitar estos y otros errores, es aconsejable revisar cuidadosamente la informaci\u00f3n proporcionada en la declaraci\u00f3n y, en caso de duda, consultar a un profesional.<\/p>\n<p>Si est\u00e1is interesados recordad pedir hora con nuestros gestores<\/p>\n","protected":false},"excerpt":{"rendered":"<p>La temporada de declaraci\u00f3n de la renta ya ha empezado, y muchos contribuyentes optan por completar sus declaraciones de impuestos por cuenta propia en lugar de contratar a un profesional. A continuaci\u00f3n, os presentamos algunos de los errores m\u00e1s comunes que se deben evitar al presentar la declaraci\u00f3n de la renta: Proporcionar informaci\u00f3n incorrecta, como [&hellip;]<\/p>\n","protected":false},"author":3,"featured_media":241825,"comment_status":"open","ping_status":"open","sticky":false,"template":"","format":"standard","meta":{"_et_pb_use_builder":"","_et_pb_old_content":"","_et_gb_content_width":"","_joinchat":[],"footnotes":""},"categories":[36],"tags":[],"class_list":["post-241824","post","type-post","status-publish","format-standard","has-post-thumbnail","hentry","category-novetats-es"],"_links":{"self":[{"href":"https:\/\/gestoriabarcelo.com\/es\/wp-json\/wp\/v2\/posts\/241824","targetHints":{"allow":["GET"]}}],"collection":[{"href":"https:\/\/gestoriabarcelo.com\/es\/wp-json\/wp\/v2\/posts"}],"about":[{"href":"https:\/\/gestoriabarcelo.com\/es\/wp-json\/wp\/v2\/types\/post"}],"author":[{"embeddable":true,"href":"https:\/\/gestoriabarcelo.com\/es\/wp-json\/wp\/v2\/users\/3"}],"replies":[{"embeddable":true,"href":"https:\/\/gestoriabarcelo.com\/es\/wp-json\/wp\/v2\/comments?post=241824"}],"version-history":[{"count":1,"href":"https:\/\/gestoriabarcelo.com\/es\/wp-json\/wp\/v2\/posts\/241824\/revisions"}],"predecessor-version":[{"id":241827,"href":"https:\/\/gestoriabarcelo.com\/es\/wp-json\/wp\/v2\/posts\/241824\/revisions\/241827"}],"wp:featuredmedia":[{"embeddable":true,"href":"https:\/\/gestoriabarcelo.com\/es\/wp-json\/wp\/v2\/media\/241825"}],"wp:attachment":[{"href":"https:\/\/gestoriabarcelo.com\/es\/wp-json\/wp\/v2\/media?parent=241824"}],"wp:term":[{"taxonomy":"category","embeddable":true,"href":"https:\/\/gestoriabarcelo.com\/es\/wp-json\/wp\/v2\/categories?post=241824"},{"taxonomy":"post_tag","embeddable":true,"href":"https:\/\/gestoriabarcelo.com\/es\/wp-json\/wp\/v2\/tags?post=241824"}],"curies":[{"name":"wp","href":"https:\/\/api.w.org\/{rel}","templated":true}]}}