{"id":2085,"date":"2019-03-01T10:27:01","date_gmt":"2019-03-01T09:27:01","guid":{"rendered":"http:\/\/www.gestoriabarcelo.com\/?p=2085"},"modified":"2022-02-22T09:25:32","modified_gmt":"2022-02-22T08:25:32","slug":"puede-un-trabajador-autonomo-contratar-a-un-familiar-por-tiempo-indefinido","status":"publish","type":"post","link":"https:\/\/gestoriabarcelo.com\/es\/puede-un-trabajador-autonomo-contratar-a-un-familiar-por-tiempo-indefinido\/","title":{"rendered":"\u00bfPuede un trabajador aut\u00f3nomo contratar a un familiar por tiempo indefinido?"},"content":{"rendered":"<p><strong><span style=\"color: #A6182A;\">Los aut\u00f3nomos pueden contratar como trabajadores por cuenta ajena, por tiempo indefinido &#8211; y jornada completa o parcial &#8211; a su c\u00f3nyuge, ascendientes, descendientes y dem\u00e1s parientes por consanguinidad o afinidad, hasta el segundo grado inclusive con una bonificaci\u00f3n del 100 por 100 en la cuota empresarial por contingencias comunes durante un per\u00edodo de 12 meses.<\/span><\/strong><br \/>\n<!--more--><br \/>\n\u00bfEs aut\u00f3nomo y est\u00e1 pensando en incorporar a su plantilla alg\u00fan familiar? Le recordamos que la Ley 6\/2017 de reforma de los aut\u00f3nomos estableci\u00f3 \u00a0una bonificaci\u00f3n del 100%\u00a0 sobre la cuota por contingencias comunes durante todo un a\u00f1o en caso de contrataci\u00f3n indefinida de un familiar o pariente por consanguinidad o afinidad de hasta segundo grado.<br \/>\nLa Seguridad Social ha abierto la mano en los \u00faltimos a\u00f1os, en lo que contrataciones de familiares de aut\u00f3nomos se refiere. En la actualidad, y cumpliendo unos requisitos que veremos a continuaci\u00f3n, es posible contratar a familiares como indefinidos. Una opci\u00f3n que, con anterioridad, no era posible. Todo familiar deb\u00eda convertirse en \u00abaut\u00f3nomo colaborador\u00bb, si quer\u00eda ayudar en el negocio de otro aut\u00f3nomo. Sin embargo, la nueva normativa permite la contrataci\u00f3n de familiares a trav\u00e9s del R\u00e9gimen General de la Seguridad Social, ofreciendo adem\u00e1s bonificaciones para favorecer esta modalidad.<br \/>\nLe explicamos c\u00f3mo se puede aprovechar de esta bonificaci\u00f3n por la contrataci\u00f3n de familiares.<br \/>\n<strong><span style=\"color: #A6182A;\">Requisitos de los trabajadores<\/span><\/strong><br \/>\nSer c\u00f3nyuge, ascendientes, descendientes y dem\u00e1s parientes por consanguinidad o afinidad, hasta el segundo grado inclusive del trabajador aut\u00f3nomo.<br \/>\nEstar desempleado e inscrito en la oficina de empleo.<br \/>\n<strong><span style=\"color: #A6182A;\">Caracter\u00edsticas del contrato<\/span><\/strong><br \/>\nPor tiempo indefinido a tiempo completo o parcial.<br \/>\n<strong><span style=\"color: #A6182A;\">Requisitos del trabajador aut\u00f3nomo<\/span><\/strong><br \/>\nNo haber extinguido contratos de trabajo, bien por causas objetivas o por despidos disciplinarios que hayan sido declarados judicialmente improcedentes, bien por despidos colectivos que hayan sido declarados no ajustados a Derecho, en los 12 meses anteriores a la celebraci\u00f3n del contrato que da derecho a la bonificaci\u00f3n prevista.<br \/>\nEl empleador deber\u00e1 mantener el nivel de empleo en los 6 meses posteriores a la celebraci\u00f3n de los contratos que dan derecho a la citada bonificaci\u00f3n.<br \/>\nA efectos de examinar el nivel de empleo y su mantenimiento, no se tendr\u00e1n en cuenta las extinciones de contratos de trabajo por causas objetivas o por despidos disciplinarios que no hayan sido declarados improcedentes, los despidos colectivos que no hayan sido declarados no ajustados a Derecho, as\u00ed como las extinciones causadas por dimisi\u00f3n, muerte o incapacidad permanente total, absoluta o gran invalidez de los trabajadores o por la expiraci\u00f3n del tiempo convenido o realizaci\u00f3n de la obra o servicio objeto del contrato, o por resoluci\u00f3n durante el periodo de prueba.<br \/>\nAdicionalmente, la Ley permite la contrataci\u00f3n en r\u00e9gimen general de los hijos del aut\u00f3nomo que sean menores de 30 a\u00f1os y a\u00fan convivan con \u00e9ste. En ese caso, se excluye la cobertura por desempleo.<br \/>\nAclarar que esta limitaci\u00f3n de edad desaparece cuando el descendiente padece una discapacidad igual o superior al 33%.<br \/>\n<strong><span style=\"color: #A6182A;\">Incentivos<\/span><\/strong><br \/>\nBonificaci\u00f3n del 100 por 100 en la cuota empresarial por contingencias comunes<br \/>\n<strong><span style=\"color: #A6182A;\">Duraci\u00f3n<\/span><\/strong><br \/>\nPer\u00edodo de 12 meses.<br \/>\nPueden ponerse en contacto con este despacho profesional para cualquier duda o aclaraci\u00f3n que puedan tener al respecto.<\/p>\n","protected":false},"excerpt":{"rendered":"<p>Los aut\u00f3nomos pueden contratar como trabajadores por cuenta ajena, por tiempo indefinido &#8211; y jornada completa o parcial &#8211; a su c\u00f3nyuge, ascendientes, descendientes y dem\u00e1s parientes por consanguinidad o afinidad, hasta el segundo grado inclusive con una bonificaci\u00f3n del 100 por 100 en la cuota empresarial por contingencias comunes durante un per\u00edodo de 12 meses.<\/p>\n","protected":false},"author":2,"featured_media":2087,"comment_status":"closed","ping_status":"closed","sticky":false,"template":"","format":"standard","meta":{"_et_pb_use_builder":"","_et_pb_old_content":"","_et_gb_content_width":"","_joinchat":[],"footnotes":""},"categories":[17],"tags":[],"class_list":["post-2085","post","type-post","status-publish","format-standard","has-post-thumbnail","hentry","category-sin-categorizar"],"_links":{"self":[{"href":"https:\/\/gestoriabarcelo.com\/es\/wp-json\/wp\/v2\/posts\/2085","targetHints":{"allow":["GET"]}}],"collection":[{"href":"https:\/\/gestoriabarcelo.com\/es\/wp-json\/wp\/v2\/posts"}],"about":[{"href":"https:\/\/gestoriabarcelo.com\/es\/wp-json\/wp\/v2\/types\/post"}],"author":[{"embeddable":true,"href":"https:\/\/gestoriabarcelo.com\/es\/wp-json\/wp\/v2\/users\/2"}],"replies":[{"embeddable":true,"href":"https:\/\/gestoriabarcelo.com\/es\/wp-json\/wp\/v2\/comments?post=2085"}],"version-history":[{"count":1,"href":"https:\/\/gestoriabarcelo.com\/es\/wp-json\/wp\/v2\/posts\/2085\/revisions"}],"predecessor-version":[{"id":2882,"href":"https:\/\/gestoriabarcelo.com\/es\/wp-json\/wp\/v2\/posts\/2085\/revisions\/2882"}],"wp:featuredmedia":[{"embeddable":true,"href":"https:\/\/gestoriabarcelo.com\/es\/wp-json\/wp\/v2\/media\/2087"}],"wp:attachment":[{"href":"https:\/\/gestoriabarcelo.com\/es\/wp-json\/wp\/v2\/media?parent=2085"}],"wp:term":[{"taxonomy":"category","embeddable":true,"href":"https:\/\/gestoriabarcelo.com\/es\/wp-json\/wp\/v2\/categories?post=2085"},{"taxonomy":"post_tag","embeddable":true,"href":"https:\/\/gestoriabarcelo.com\/es\/wp-json\/wp\/v2\/tags?post=2085"}],"curies":[{"name":"wp","href":"https:\/\/api.w.org\/{rel}","templated":true}]}}