{"id":1993,"date":"2018-01-08T17:32:16","date_gmt":"2018-01-08T16:32:16","guid":{"rendered":"http:\/\/www.gestoriabarcelo.com\/?p=1993"},"modified":"2022-02-22T09:34:18","modified_gmt":"2022-02-22T08:34:18","slug":"puedo-deducirme-en-el-irpf-los-gastos-del-vehiculo-siendo-autonomo","status":"publish","type":"post","link":"https:\/\/gestoriabarcelo.com\/es\/puedo-deducirme-en-el-irpf-los-gastos-del-vehiculo-siendo-autonomo\/","title":{"rendered":"\u00bfPuedo deducirme en el IRPF los gastos del veh\u00edculo siendo aut\u00f3nomo?"},"content":{"rendered":"<p><strong><span style=\"color: #A6182A;\">Salvo algunas excepciones, para deducir en el IRPF los gastos relacionados con la adquisici\u00f3n y el uso del veh\u00edculo (amortizaci\u00f3n, reparaciones, carburante, Impuesto de Matriculaci\u00f3n, seguros, aparcamientos, etc.), es preciso que el mismo se utilice de forma exclusiva en la actividad empresarial o profesional (no siendo suficiente que el uso particular sea accesorio o irrelevante).<\/span><\/strong><br \/>\n<!--more--><br \/>\nUna de las cuestiones m\u00e1s controvertidas con Hacienda es la relativa a la posibilidad de deducir en el IRPF los gastos de un veh\u00edculo particular siendo aut\u00f3nomo para la determinaci\u00f3n de los rendimientos netos (ingresos menos gastos) de su actividad econ\u00f3mica (empresarial o profesional).<br \/>\nPues bien, si usted es un aut\u00f3nomo debe tener en cuenta que Hacienda pone muchas trabas a la hora de deducir en el IRPF los gastos relacionados con la adquisici\u00f3n y el uso (amortizaci\u00f3n, reparaciones, carburante, Impuesto de Matriculaci\u00f3n, seguros, aparcamientos, etc.). Salvo algunas excepciones, para que dichos gastos sean deducibles en el IRPF, es preciso que el veh\u00edculo se utilice\u00a0<em>de forma exclusiva en la actividad<\/em>\u00a0(no siendo suficiente que el uso particular sea accesorio o irrelevante), lo cual es muy dif\u00edcil de demostrar.<br \/>\nA continuaci\u00f3n se lo explicamos.<\/p>\n<p><strong>Afectaci\u00f3n del veh\u00edculo a la actividad econ\u00f3mica<\/strong><br \/>\nEn relaci\u00f3n con los gastos asociados con la utilizaci\u00f3n del veh\u00edculo para la actividad empresarial o profesional, la postura tradicional y mayoritaria ha sido la de considerar \u00fanicamente deducibles tales gastos cuando se trate de veh\u00edculos afectados a la actividad, entendiendo que existe afectaci\u00f3n cuando la utilizaci\u00f3n del mismo se realice de forma exclusiva en la misma, ya que al ser un elemento patrimonial indivisible, no cabe la afectaci\u00f3n parcial.<br \/>\nPara la deducci\u00f3n de cualquier gasto (incluidas las amortizaciones) relativo al\u00a0veh\u00edculo\u00a0de turismo, la normativa del IRPF exige que dicho veh\u00edculo tuviese la consideraci\u00f3n de elemento patrimonial afecto a la actividad econ\u00f3mica desarrollada por el aut\u00f3nomo, lo cual supone que, estando registrado en los libros o registros obligatorios, sea utilizado de forma exclusiva en dicha actividad econ\u00f3mica.<br \/>\nEs decir, para la deducci\u00f3n en el IRPF de cualquier gasto relacionado con la compra de un veh\u00edculo o con su uso (amortizaci\u00f3n, gasolina, aparcamiento, seguro, reparaciones\u2026), Hacienda solicita que el contribuyente pruebe el \u201cno uso\u201d para fines privados.\u00a0 Pero esto es muy dif\u00edcil de demostrar ante Hacienda, al tratarse de una \u201cprueba diab\u00f3lica\u201d, dado que se exige la prueba de un hecho negativo, cual es la no utilizaci\u00f3n del veh\u00edculo para fines particulares o privados, pr\u00e1cticamente imposible de demostrar, por lo que Hacienda no suele permitir la deducci\u00f3n de estos gastos.<\/p>\n<blockquote><p><strong>Atenci\u00f3n.<\/strong> En \u00faltima instancia, es la Agencia Tributaria quien tiene la \u00faltima palabra, es decir, el poder decidir si los gastos son deducibles o no.<\/p><\/blockquote>\n<p><strong>\u00a0<\/strong><br \/>\n<strong>Pruebas<\/strong><br \/>\nLa deducibilidad o no de los gastos asociados al veh\u00edculo es un problema de prueba, que depende de que el contribuyente pueda demostrar, con todos los medios admitidos en derecho, que el veh\u00edculo se encuentra afecto de forma exclusiva a la actividad econ\u00f3mica, as\u00ed como que el mismo resulta necesario para la obtenci\u00f3n de los ingresos.<br \/>\nEn el caso de los\u00a0<strong>turismos que se presuman afectados de manera exclusiva<\/strong>, deber\u00e1n probar ese hecho ante la Agencia Tributaria. Si su uso est\u00e1 acreditado debidamente, podr\u00e1n deducir todos los gastos anteriormente expuestos. De lo contrario, no podr\u00e1n beneficiarse de ninguna deducci\u00f3n.<br \/>\nNo obstante, hay que apuntar que existen sentencias de los Tribunales en las que se reconoce dicho derecho a la deducci\u00f3n de estos gatos, y en las que se\u00f1ala que <em>es Hacienda la que debe probar que los gastos no son deducibles, y no al rev\u00e9s<\/em>.<br \/>\nLlegado el caso de que Hacienda no lo admita como gasto deducible, v\u00eda administrativa se puede reclamar e insistir en ello, y para evitar problemas, es conveniente\u00a0 contar con pruebas suficientes que demuestren que realmente el veh\u00edculo s\u00f3lo se utiliza para la actividad econ\u00f3mica, como por ejemplo:<\/p>\n<ul>\n<li>Rotule sus veh\u00edculos comerciales o industriales con el logo de su empresa, y procure que no dispongan de lunas en las puertas traseras.<\/li>\n<\/ul>\n<ul>\n<li>Procure que dichos veh\u00edculos est\u00e9n adaptados a la actividad realizada y que no sean modelos m\u00e1s propios de uso particular.<strong><br \/>\n<\/strong><\/li>\n<\/ul>\n<ul>\n<li>Mediante facturas o recibos, pero tambi\u00e9n con una lista de los desplazamientos realizados, clientes y ciudades visitadas.<\/li>\n<\/ul>\n<ul>\n<li>Correos electr\u00f3nicos intercambiados\u00a0con el cliente\u00a0donde figuren las confirmaciones de reuni\u00f3n, agenda de visitas, los presupuestos aceptados donde conste la ciudad o lugar donde se prestar\u00e1 el servicio, justificantes de entrega de mercanc\u00eda, etc.<\/li>\n<\/ul>\n<ul>\n<li>Deber\u00e1 acreditarse que el gasto se ha ocasionado en el ejercicio de la actividad y que es necesario para la obtenci\u00f3n de los ingresos. Es decir, que los gastos asociados al veh\u00edculo sean necesarios para el desarrollo de la actividad y para la obtenci\u00f3n de los rendimientos, y no meramente convenientes.<\/li>\n<\/ul>\n<p><strong>\u00a0<\/strong><br \/>\nEl problema reside en probar la afectaci\u00f3n exclusiva del veh\u00edculo a la actividad, no siendo suficiente su debida anotaci\u00f3n en la Contabilidad o la existencia de un segundo veh\u00edculo o el tipo de actividad desarrollada, debiendo aportar todo un conjunto de pruebas que puedan llegar a demostrar esta afectaci\u00f3n, como un registro de las salidas efectuadas y de los clientes visitados, una relaci\u00f3n entre el kilometraje de los coches y la distancia recorrida en los viajes de trabajo, el dep\u00f3sito del veh\u00edculo en el garaje de la empresa tras la finalizaci\u00f3n de la jornada laboral, adem\u00e1s de lo que ya hemos comentado anteriormente.<br \/>\n<strong>\u00a0<\/strong><br \/>\n<strong>Excepciones<\/strong><br \/>\nEl Reglamento del IRPF se\u00f1ala que se considerar\u00e1n utilizados para necesidades privadas de forma accesoria y notoriamente irrelevante los bienes del inmovilizado adquiridos y utilizados para el desarrollo de la actividad econ\u00f3mica que se destinen al uso personal del contribuyente en d\u00edas u horas inh\u00e1biles durante los cuales se interrumpa el ejercicio de dicha actividad.<br \/>\nLo dispuesto en el p\u00e1rrafo anterior no ser\u00e1 de aplicaci\u00f3n a <strong>los autom\u00f3viles de turismo<\/strong> y sus remolques, ciclomotores, motocicletas, aeronaves o embarcaciones deportivas o de recreo, salvo determinados supuestos.<br \/>\nEn concreto, s\u00f3lo se excepcionan de esta norma tan estricta (permiti\u00e9ndose, en caso de uso particular y empresarial, la deducci\u00f3n de la parte proporcional correspondiente al uso empresarial) los siguientes veh\u00edculos:<\/p>\n<ol>\n<li>a) Los veh\u00edculos mixtos (como las furgonetas) destinados al transporte de mercanc\u00edas.<\/li>\n<\/ol>\n<ol>\n<li>b) Los destinados a la prestaci\u00f3n de servicios de transporte de viajeros mediante contraprestaci\u00f3n (taxis o empresas de alquiler de veh\u00edculos).<\/li>\n<\/ol>\n<ol>\n<li>c) Los destinados a la prestaci\u00f3n de servicios de ense\u00f1anza de conductores o pilotos mediante contraprestaci\u00f3n (autoescuelas)<\/li>\n<\/ol>\n<ol>\n<li>d) Los destinados a los desplazamientos profesionales de los representantes o agentes comerciales.<\/li>\n<\/ol>\n<ol>\n<li>e) Los destinados a ser objeto de cesi\u00f3n de uso con habitualidad y onerosidad.<\/li>\n<\/ol>\n<blockquote><p><strong>Atenci\u00f3n.<\/strong> Se considerar\u00e1n autom\u00f3viles de turismo, remolques, ciclomotores y motocicletas los definidos como tales en el Anexo del Real Decreto Legislativo 339\/1990, de 2 de marzo, por el que se aprueba el texto articulado de la Ley sobre Tr\u00e1fico, Circulaci\u00f3n de Veh\u00edculos a Motor y Seguridad Vial, as\u00ed como los definidos como veh\u00edculos mixtos en dicho Anexo y, en todo caso, los denominados veh\u00edculos todo terreno o tipo \u201cjeep\u201d.<\/p><\/blockquote>\n","protected":false},"excerpt":{"rendered":"<p>Salvo algunas excepciones, para deducir en el IRPF los gastos relacionados con la adquisici\u00f3n y el uso del veh\u00edculo (amortizaci\u00f3n, reparaciones, carburante, Impuesto de Matriculaci\u00f3n, seguros, aparcamientos, etc.), es preciso que el mismo se utilice de forma exclusiva en la actividad empresarial o profesional (no siendo suficiente que el uso particular sea accesorio o irrelevante).<\/p>\n","protected":false},"author":2,"featured_media":1995,"comment_status":"closed","ping_status":"closed","sticky":false,"template":"","format":"standard","meta":{"_et_pb_use_builder":"","_et_pb_old_content":"","_et_gb_content_width":"","_joinchat":[],"footnotes":""},"categories":[17],"tags":[],"class_list":["post-1993","post","type-post","status-publish","format-standard","has-post-thumbnail","hentry","category-sin-categorizar"],"_links":{"self":[{"href":"https:\/\/gestoriabarcelo.com\/es\/wp-json\/wp\/v2\/posts\/1993","targetHints":{"allow":["GET"]}}],"collection":[{"href":"https:\/\/gestoriabarcelo.com\/es\/wp-json\/wp\/v2\/posts"}],"about":[{"href":"https:\/\/gestoriabarcelo.com\/es\/wp-json\/wp\/v2\/types\/post"}],"author":[{"embeddable":true,"href":"https:\/\/gestoriabarcelo.com\/es\/wp-json\/wp\/v2\/users\/2"}],"replies":[{"embeddable":true,"href":"https:\/\/gestoriabarcelo.com\/es\/wp-json\/wp\/v2\/comments?post=1993"}],"version-history":[{"count":1,"href":"https:\/\/gestoriabarcelo.com\/es\/wp-json\/wp\/v2\/posts\/1993\/revisions"}],"predecessor-version":[{"id":2889,"href":"https:\/\/gestoriabarcelo.com\/es\/wp-json\/wp\/v2\/posts\/1993\/revisions\/2889"}],"wp:featuredmedia":[{"embeddable":true,"href":"https:\/\/gestoriabarcelo.com\/es\/wp-json\/wp\/v2\/media\/1995"}],"wp:attachment":[{"href":"https:\/\/gestoriabarcelo.com\/es\/wp-json\/wp\/v2\/media?parent=1993"}],"wp:term":[{"taxonomy":"category","embeddable":true,"href":"https:\/\/gestoriabarcelo.com\/es\/wp-json\/wp\/v2\/categories?post=1993"},{"taxonomy":"post_tag","embeddable":true,"href":"https:\/\/gestoriabarcelo.com\/es\/wp-json\/wp\/v2\/tags?post=1993"}],"curies":[{"name":"wp","href":"https:\/\/api.w.org\/{rel}","templated":true}]}}