{"id":1122,"date":"2015-10-01T09:43:07","date_gmt":"2015-10-01T07:43:07","guid":{"rendered":"http:\/\/www.gestoriabarcelo.com\/?p=1122"},"modified":"2022-02-24T11:27:19","modified_gmt":"2022-02-24T10:27:19","slug":"las-claves-que-debe-conocer-de-la-nueva-regulacion-de-trabajador-autonomo-para-favorecer-el-autoempleo","status":"publish","type":"post","link":"https:\/\/gestoriabarcelo.com\/es\/las-claves-que-debe-conocer-de-la-nueva-regulacion-de-trabajador-autonomo-para-favorecer-el-autoempleo\/","title":{"rendered":"Las claves que debe conocer de la nueva regulaci\u00f3n de trabajador aut\u00f3nomo para favorecer el autoempleo"},"content":{"rendered":"<p><strong><i>Entre otras novedades, se ampl\u00eda la tarifa plana para los aut\u00f3nomos que inicien su actividad por cuenta propia y con posterioridad contraten trabajadores por cuenta ajena; la edad ya no ser\u00e1 un requisito a tener en cuenta para aquellos emprendedores que desean capitalizar hasta el 100% de la prestaci\u00f3n por desempleo con el fin de sufragar tanto la inversi\u00f3n como los gastos iniciales de la apertura de su negocio y los mayores de 30 a\u00f1os podr\u00e1n compatibilizar durante un m\u00e1ximo de 270 d\u00edas la prestaci\u00f3n por desempleo con su alta en el RETA.<\/i><\/strong><br \/>\n<!--more--><br \/>\nCon fecha 10 de septiembre de 2015 ha sido publicada en el\u00a0BOE la <i>Ley\u00a031\/2015,<\/i><i>\u00a0de 9 de septiembre, de medidas de\u00a0Fomento y promoci\u00f3n del trabajo aut\u00f3nomo y de la Econom\u00eda Social, <\/i>que incluye importantes novedades respecto a la tarifa plana, la capitalizaci\u00f3n y otras bonificaciones y ayudas. <b>Su entrada en vigor ser\u00e1 el pr\u00f3ximo 10 de octubre de 2015. <\/b><br \/>\nEntre todas las modificaciones incluidas en esta Ley podemos destacar las siguientes:<\/p>\n<ul>\n<li>Se regulan una serie de reducciones y bonificaciones aplicables a aut\u00f3nomos, entre las que se encuentra la <b>Tarifa Plana<\/b> consistente en una cantidad fija y estable sin hacerla depender de las posibles modificaciones en las bases y los tipos de cotizaci\u00f3n.<\/li>\n<\/ul>\n<p>Los\u00a0aut\u00f3nomos que contraten trabajadores\u00a0podr\u00e1n seguir benefici\u00e1ndose de la tarifa plana para aut\u00f3nomos en su cuota de la Seguridad Social.<br \/>\n<strong>Atenci\u00f3n.<\/strong> La cuota por contingencias comunes de esta\u00a0tarifa plana\u00a0se fija en 50 euros exactos\u00a0durante los primeros seis meses, periodo que se ampl\u00eda hasta doce meses en el caso de personas con discapacidad, v\u00edctimas del terrorismo y de la violencia de g\u00e9nero.<\/p>\n<ul>\n<li>Se ampl\u00eda el colectivo de trabajadores por cuenta propia <b>beneficiarios de la prestaci\u00f3n por desempleo que podr\u00e1 capitalizar el 100% <\/b>de la misma para destinarla a la inversi\u00f3n necesaria para el ejercicio de la actividad, al eliminar la barrera de edad existente hasta la fecha.<\/li>\n<\/ul>\n<p><strong>Atenci\u00f3n.<\/strong> La edad ya no ser\u00e1 un requisito\u00a0a tener en cuenta para aquellos emprendedores que desean capitalizar hasta el 100% de la prestaci\u00f3n por desempleo\u00a0con el fin de sufragar tanto la inversi\u00f3n como los gastos iniciales de la apertura de su negocio.<\/p>\n<ul>\n<li>Los\u00a0<b>mayores de 30 a\u00f1os<\/b><b>\u00a0podr\u00e1n\u00a0compatibilizar\u00a0durante un\u00a0m\u00e1ximo de 270\u00a0d\u00edas la\u00a0prestaci\u00f3n por desempleo<\/b> con su alta en el R\u00e9gimen Especial de Trabajadores Aut\u00f3nomos (RETA).<\/li>\n<\/ul>\n<ul>\n<li>Se prev\u00e9 igualmente un <b>mecanismo de pago \u00fanico de la prestaci\u00f3n por cese de actividad <\/b>cuando se vaya a realizar una actividad profesional como trabajador aut\u00f3nomo o destine el 100% de su importe a realizar una aportaci\u00f3n al capital social de una entidad mercantil.<\/li>\n<\/ul>\n<p><strong>Atenci\u00f3n.<\/strong> Se regula una ampliaci\u00f3n de las bonificaciones para la\u00a0 de socios en entidades de econom\u00eda social:\u00a0bonificaci\u00f3n de 800 \u20ac\/a\u00f1o a lo largo de tres a\u00f1os para facilitar la incorporaci\u00f3n de socios trabajadores o de trabajo a las cooperativas y sociedades laborales. Para menores de 30 a\u00f1os se aumenta la cuant\u00eda a 1.650 \u20ac el primer a\u00f1o.<\/p>\n<ul>\n<li>Se introducen medidas para permitir la <b>suspensi\u00f3n de la prestaci\u00f3n por desempleo durante un periodo m\u00e1s amplio <\/b>en aquellos supuestos en los que se desarrolle un trabajo por cuenta propia.<\/li>\n<\/ul>\n<p><strong>Atenci\u00f3n.<\/strong> Los desempleados que est\u00e9n cobrando el paro y emprendan como aut\u00f3nomos podr\u00e1n solicitar la reanudaci\u00f3n del cobro de la prestaci\u00f3n por desempleo hasta cinco a\u00f1os despu\u00e9s de haber iniciado su actividad, en lugar de s\u00f3lo dos a\u00f1os como hasta ahora. Aunque a partir de los dos a\u00f1os deber\u00e1 acreditar causas econ\u00f3micas u organizativas.<\/p>\n<ul>\n<li>Se regula la posibilidad de que los <b>Trabajadores Aut\u00f3nomos Econ\u00f3micamente Dependientes (TRADE) contraten trabajadores<\/b> <b>por cuenta ajena<\/b> en aquellos supuestos en los que la interrupci\u00f3n de la actividad por causas vinculadas a la conciliaci\u00f3n de su actividad profesional con su vida familiar pudiese ocasionar la resoluci\u00f3n del contrato con su cliente.<\/li>\n<\/ul>\n<ul>\n<li>En cuanto a las bonificaciones\u00a0<b>var\u00edan cuant\u00edas<\/b>\u00a0en determinados supuestos y se\u00a0<b>incrementa la edad <\/b>para optar a las mismas en algunos casos.<\/li>\n<\/ul>\n<ul>\n<li><strong>Bonificaciones aut\u00f3nomos colaboradores<\/strong>: Se ampl\u00eda el incentivo para el alta en la afiliaci\u00f3n de nuevos\u00a0familiares colaboradores\u00a0hasta 24 meses desde los 18 actuales. Eso s\u00ed, la bonificaci\u00f3n en estos 6 meses adicionales ser\u00e1 de s\u00f3lo el 25%<\/li>\n<\/ul>\n<p>Les iremos informando con m\u00e1s detalle de estas y otras novedades en pr\u00f3ximas circulares.<br \/>\nPueden ponerse en contacto con este despacho profesional para cualquier duda o aclaraci\u00f3n que puedan tener al respecto.<\/p>\n","protected":false},"excerpt":{"rendered":"<p>Entre otras novedades, se ampl\u00eda la tarifa plana para los aut\u00f3nomos que inicien su actividad por cuenta propia y con posterioridad contraten trabajadores por cuenta ajena; la edad ya no ser\u00e1 un requisito a tener en cuenta para aquellos emprendedores que desean capitalizar hasta el 100% de la prestaci\u00f3n por desempleo con el fin de sufragar tanto la inversi\u00f3n como los gastos iniciales de la apertura de su negocio y los mayores de 30 a\u00f1os podr\u00e1n compatibilizar durante un m\u00e1ximo de 270 d\u00edas la prestaci\u00f3n por desempleo con su alta en el RETA.<\/p>\n","protected":false},"author":2,"featured_media":1123,"comment_status":"closed","ping_status":"closed","sticky":false,"template":"","format":"standard","meta":{"_et_pb_use_builder":"","_et_pb_old_content":"","_et_gb_content_width":"","_joinchat":[],"footnotes":""},"categories":[17],"tags":[],"class_list":["post-1122","post","type-post","status-publish","format-standard","has-post-thumbnail","hentry","category-sin-categorizar"],"_links":{"self":[{"href":"https:\/\/gestoriabarcelo.com\/es\/wp-json\/wp\/v2\/posts\/1122","targetHints":{"allow":["GET"]}}],"collection":[{"href":"https:\/\/gestoriabarcelo.com\/es\/wp-json\/wp\/v2\/posts"}],"about":[{"href":"https:\/\/gestoriabarcelo.com\/es\/wp-json\/wp\/v2\/types\/post"}],"author":[{"embeddable":true,"href":"https:\/\/gestoriabarcelo.com\/es\/wp-json\/wp\/v2\/users\/2"}],"replies":[{"embeddable":true,"href":"https:\/\/gestoriabarcelo.com\/es\/wp-json\/wp\/v2\/comments?post=1122"}],"version-history":[{"count":1,"href":"https:\/\/gestoriabarcelo.com\/es\/wp-json\/wp\/v2\/posts\/1122\/revisions"}],"predecessor-version":[{"id":3309,"href":"https:\/\/gestoriabarcelo.com\/es\/wp-json\/wp\/v2\/posts\/1122\/revisions\/3309"}],"wp:featuredmedia":[{"embeddable":true,"href":"https:\/\/gestoriabarcelo.com\/es\/wp-json\/wp\/v2\/media\/1123"}],"wp:attachment":[{"href":"https:\/\/gestoriabarcelo.com\/es\/wp-json\/wp\/v2\/media?parent=1122"}],"wp:term":[{"taxonomy":"category","embeddable":true,"href":"https:\/\/gestoriabarcelo.com\/es\/wp-json\/wp\/v2\/categories?post=1122"},{"taxonomy":"post_tag","embeddable":true,"href":"https:\/\/gestoriabarcelo.com\/es\/wp-json\/wp\/v2\/tags?post=1122"}],"curies":[{"name":"wp","href":"https:\/\/api.w.org\/{rel}","templated":true}]}}